{"id":2170,"date":"2022-05-19T09:12:00","date_gmt":"2022-05-19T09:12:00","guid":{"rendered":"https:\/\/sepia2.unil.ch\/wp\/luniversitario\/?p=2170"},"modified":"2023-07-18T14:52:18","modified_gmt":"2023-07-18T14:52:18","slug":"7-prisoners-una-storia-di-schiavitu-moderna-in-brasile","status":"publish","type":"post","link":"https:\/\/sepia2.unil.ch\/wp\/luniversitario\/7-prisoners-una-storia-di-schiavitu-moderna-in-brasile\/","title":{"rendered":"\u201c7 Prisoners\u201d: una storia di schiavit\u00f9 moderna in Brasile"},"content":{"rendered":"\n<figure class=\"wp-block-image\"><img decoding=\"async\" src=\"https:\/\/i0.wp.com\/www.tvqc.com\/wp-content\/uploads\/2021\/11\/7-prisioneiros-.jpg?fit=1024%2C567&amp;ssl=1\" alt=\"\" \/><\/figure>\n\n\n\n<p> di MEDEA LEONARDI<\/p>\n\n\n\n<p>\u201c<strong>7 Prisoners<\/strong>\u201d \u2013 \u201c7 Prisoneiros\u201d in lingua originale \u2013 dramma brasiliano diretto da Alexandre Moratto e scritto in collaborazione con&nbsp;Thayn\u00e1 Mantesso, \u00e8 ambientato ai giorni nostri, nella povera realt\u00e0 brasiliana, e illustra la storia di un gruppo di ragazzi che, stanchi di lavorare nei campi delle campagne brasiliane, si recano a San Paolo alla ricerca di opportunit\u00e0 lavorative per poter mantenere le loro famiglie. Quella che sembrava una grande occasione si trasforma per\u00f2 in un dramma, e i ragazzi vengono imprigionati in una moderna forma di schiavit\u00f9, costretti a lavorare senza essere pagati in una discarica sotto la tirannia del proprietario Luca.&nbsp;<\/p>\n\n\n\n<p>Il substrato criminale e corrotto della metropoli brasiliana emerge in tutta la sua brutalit\u00e0, in una storia che riprende le dinamiche di una realt\u00e0 spietata, dove la moralit\u00e0 si piega di fronte al potere del denaro. Egoismo, mancata empatia, un mondo di sofferenza in cui pochi sono degni di fiducia. Una realt\u00e0, quella brasiliana, che costringe alla disonest\u00e0 per potersi guadagnare da vivere.&nbsp;<\/p>\n\n\n\n<p>Moratto cattura fin dall&rsquo;inizio lo scollamento fra la tranquilla realt\u00e0 campagnola e quella di San Paolo, citt\u00e0 viva ma allo stesso tempo poco accogliente.&nbsp;Dal grande realismo nella raffigurazione del degrado della metropoli traspare l\u2019intenzione del regista di mettere in evidenza quelle dinamiche che purtroppo ancora oggi impregnano la societ\u00e0 brasiliana, ma di cui molte persone sono all\u2019oscuro.&nbsp;L\u2019immagine di San Paolo preannuncia quella della discarica dove i quattro giovani vengono depositati, tremendamente simile a una prigione: letti malconci, filo spinato, e un pesante cancello di metallo.&nbsp;<\/p>\n\n\n\n<p>La psicologia dei personaggi \u00e8 complessa e mostra varie sfaccettature, che emergono in particolare nelle figure di Mateus e Luca. Il primo \u00e8 interpretato da Christian Malheiros, mentre Rodrigo Santoro \u2013 attore con esperienza anche nel cinema di Hollywood \u2013 veste i panni del proprietario della discarica.&nbsp;Mateus \u2013&nbsp;aspirante studente universitario \u2013&nbsp;\u00e8 pi\u00f9 istruito e pi\u00f9 scaltro dei suoi compagni Samuel (Bruno Rocha), Isaque (Lucas Oranmian) ed Ezequiel (Vitor Julian), e questo lo fa risaltare maggiormente agli occhi di Luca, che inizia ad affidargli compiti pi\u00f9 importanti. Uomo dal passato difficile e vittima a sua volta della societ\u00e0 in cui \u00e8 cresciuto, Luca si avvicina al giovane Mateus &#8211; in cui forse si rispecchia e per il quale sviluppa una certa fiducia.&nbsp;Il rapporto fra i due uomini infatti si trasforma in una forma di rispetto e lealt\u00e0 involontaria, e&nbsp;Mateus si ritrover\u00e0 a dover scegliere se egoisticamente assecondare Luca in cambio di protezione e aiuto finanziario \u2013 tradendo dunque i propri compagni \u2013 oppure se rimanere fedele alle proprie origini.&nbsp;Il film \u00e8 cos\u00ec sfumato nella trasformazione della sua stessa traccia, che si potrebbe non notare la pericolosit\u00e0 di tutto questo fino alla sequenza finale.&nbsp;<\/p>\n\n\n\n<p>  \u201c7 Prisoners\u201d  si interroga sulla fragilit\u00e0 dell&rsquo;animo umano e colpisce i sentimenti dello spettatore con potenza grazie anche al contesto altamente realistico&nbsp;\u2013&nbsp;accresciuto dalla colonna sonora minimale.&nbsp;La&nbsp;credibilit\u00e0 dell\u2019intreccio \u00e8 tale che a tratti il film potrebbe risultare leggermente piatto, siccome mancano i colpi di scena tipici delle storie riccamente romanzate. Tuttavia, l\u2019esito della vicenda non sar\u00e0 per nulla scontato e lascer\u00e0 il pubblico tutt\u2019altro che indifferente. <\/p>\n\n\n\n<p>Grande fonte di riflessione, il lungometraggio ha debuttato alla 78esima edizione del Festival del cinema di Venezia, ma anche al Toronto International Film Festival; ed \u00e8 reperibile su Netflix.   Il film \u00e8 prodotto da Fernando Meirelles e da Ramin Bahrani, che hanno entrambi creato nei loro precedenti film storie di sfruttamento simili, mentre il montaggio \u00e8 opera di Germano de Oliveira, che, attraverso una sapiente gestione delle riprese, ci permette di seguire le losche relazioni d&rsquo;affari di Luca. <\/p>\n","protected":false},"excerpt":{"rendered":"","protected":false},"author":361,"featured_media":2209,"comment_status":"closed","ping_status":"open","sticky":false,"template":"","format":"standard","meta":{"footnotes":""},"categories":[2,4],"tags":[],"class_list":["post-2170","post","type-post","status-publish","format-standard","has-post-thumbnail","hentry","category-cultura","category-tutte-le-categorie"],"_links":{"self":[{"href":"https:\/\/sepia2.unil.ch\/wp\/luniversitario\/wp-json\/wp\/v2\/posts\/2170","targetHints":{"allow":["GET"]}}],"collection":[{"href":"https:\/\/sepia2.unil.ch\/wp\/luniversitario\/wp-json\/wp\/v2\/posts"}],"about":[{"href":"https:\/\/sepia2.unil.ch\/wp\/luniversitario\/wp-json\/wp\/v2\/types\/post"}],"author":[{"embeddable":true,"href":"https:\/\/sepia2.unil.ch\/wp\/luniversitario\/wp-json\/wp\/v2\/users\/361"}],"replies":[{"embeddable":true,"href":"https:\/\/sepia2.unil.ch\/wp\/luniversitario\/wp-json\/wp\/v2\/comments?post=2170"}],"version-history":[{"count":3,"href":"https:\/\/sepia2.unil.ch\/wp\/luniversitario\/wp-json\/wp\/v2\/posts\/2170\/revisions"}],"predecessor-version":[{"id":2276,"href":"https:\/\/sepia2.unil.ch\/wp\/luniversitario\/wp-json\/wp\/v2\/posts\/2170\/revisions\/2276"}],"wp:featuredmedia":[{"embeddable":true,"href":"https:\/\/sepia2.unil.ch\/wp\/luniversitario\/wp-json\/wp\/v2\/media\/2209"}],"wp:attachment":[{"href":"https:\/\/sepia2.unil.ch\/wp\/luniversitario\/wp-json\/wp\/v2\/media?parent=2170"}],"wp:term":[{"taxonomy":"category","embeddable":true,"href":"https:\/\/sepia2.unil.ch\/wp\/luniversitario\/wp-json\/wp\/v2\/categories?post=2170"},{"taxonomy":"post_tag","embeddable":true,"href":"https:\/\/sepia2.unil.ch\/wp\/luniversitario\/wp-json\/wp\/v2\/tags?post=2170"}],"curies":[{"name":"wp","href":"https:\/\/api.w.org\/{rel}","templated":true}]}}